{"id":3245,"date":"2024-01-09T10:26:21","date_gmt":"2024-01-09T09:26:21","guid":{"rendered":"https:\/\/lehndorff-gesellschaft-steinort.com\/roczne-zebranie-czlonkow-towarzystwa-lgs\/"},"modified":"2025-04-23T17:10:56","modified_gmt":"2025-04-23T15:10:56","slug":"roczne-zebranie-czlonkow-towarzystwa-lgs","status":"publish","type":"post","link":"https:\/\/lehndorff-gesellschaft-steinort.com\/pl\/roczne-zebranie-czlonkow-towarzystwa-lgs\/","title":{"rendered":"Roczne zebranie cz\u0142onk\u00f3w Towarzystwa LGS"},"content":{"rendered":"<div class=\"fusion-fullwidth fullwidth-box fusion-builder-row-1 fusion-flex-container nonhundred-percent-fullwidth non-hundred-percent-height-scrolling\" style=\"--awb-border-radius-top-left:0px;--awb-border-radius-top-right:0px;--awb-border-radius-bottom-right:0px;--awb-border-radius-bottom-left:0px;--awb-flex-wrap:wrap;\" ><div class=\"fusion-builder-row fusion-row fusion-flex-align-items-flex-start fusion-flex-content-wrap\" style=\"max-width:1216.8px;margin-left: calc(-4% \/ 2 );margin-right: calc(-4% \/ 2 );\"><div class=\"fusion-layout-column fusion_builder_column fusion-builder-column-0 fusion_builder_column_1_1 1_1 fusion-flex-column\" style=\"--awb-bg-blend:overlay;--awb-bg-size:cover;--awb-width-large:100%;--awb-margin-top-large:0px;--awb-spacing-right-large:1.92%;--awb-margin-bottom-large:0px;--awb-spacing-left-large:1.92%;--awb-width-medium:100%;--awb-spacing-right-medium:1.92%;--awb-spacing-left-medium:1.92%;--awb-width-small:100%;--awb-spacing-right-small:1.92%;--awb-spacing-left-small:1.92%;\"><div class=\"fusion-column-wrapper fusion-flex-justify-content-flex-start fusion-content-layout-column\"><div class=\"fusion-text fusion-text-1\"><p>Walne zebranie cz\u0142onk\u00f3w Towarzystwa Lehndorff\u00f3w w Steinorcie \u2013 zorganizowane w 80. rocznic\u0119 20 lipca 1944 roku w Miejscu Pami\u0119ci Niemieckiego Ruchu Oporu przy ulicy Stauffenberga w Berlinie \u2013 by\u0142o warte trudu podr\u00f3\u017cy, czy to z Hamburga, Getyngi, Hanoweru, czy z Londynu. O\u017cywiona wymiana opinii, du\u017ca dawka informacji, \u017cywe zainteresowanie oraz skrupulatna praca nad szczeg\u00f3\u0142ami z\u0142o\u017cy\u0142y si\u0119 na dzie\u0144, kt\u00f3ry z pewno\u015bci\u0105 wszyscy uczestnicy uznali za udany. \u201eWprowadzamy zmian\u0119, i dobrze jest by\u0107 jej cz\u0119\u015bci\u0105\u201d \u2013 takie wra\u017cenie wyrazili niemieccy i polscy przyjaciele oraz cz\u0142onkowie, kt\u00f3rzy zebrali si\u0119 16 marca, aby podsumowa\u0107 dotychczasow\u0105 dzia\u0142alno\u015b\u0107 i zaplanowa\u0107 nadchodz\u0105ce dzia\u0142ania na 2024 rok.<\/p>\n<\/div><\/div><\/div><\/div><\/div>\n","protected":false},"excerpt":{"rendered":"","protected":false},"author":1,"featured_media":3047,"comment_status":"closed","ping_status":"closed","sticky":false,"template":"","format":"standard","meta":{"footnotes":""},"categories":[65],"tags":[],"class_list":["post-3245","post","type-post","status-publish","format-standard","has-post-thumbnail","hentry","category-bez-kategorii"],"yoast_head":"<!-- This site is optimized with the Yoast SEO plugin v27.1.1 - https:\/\/yoast.com\/product\/yoast-seo-wordpress\/ -->\n<title>Roczne zebranie cz\u0142onk\u00f3w Towarzystwa LGS - Lehndorff-Gesellschaft-Steinort<\/title>\n<meta name=\"robots\" content=\"noindex, follow\" \/>\n<meta property=\"og:locale\" content=\"pl_PL\" \/>\n<meta property=\"og:type\" content=\"article\" \/>\n<meta property=\"og:title\" content=\"Roczne zebranie cz\u0142onk\u00f3w Towarzystwa LGS - Lehndorff-Gesellschaft-Steinort\" \/>\n<meta property=\"og:url\" content=\"https:\/\/lehndorff-gesellschaft-steinort.com\/pl\/roczne-zebranie-czlonkow-towarzystwa-lgs\/\" \/>\n<meta property=\"og:site_name\" content=\"Lehndorff-Gesellschaft-Steinort\" \/>\n<meta property=\"article:published_time\" content=\"2024-01-09T09:26:21+00:00\" \/>\n<meta property=\"article:modified_time\" content=\"2025-04-23T15:10:56+00:00\" \/>\n<meta property=\"og:image\" content=\"https:\/\/lehndorff-gesellschaft-steinort.com\/wp-content\/uploads\/2023\/09\/Header-Projekt-web.jpg\" \/>\n\t<meta property=\"og:image:width\" content=\"1800\" \/>\n\t<meta property=\"og:image:height\" content=\"850\" \/>\n\t<meta property=\"og:image:type\" content=\"image\/jpeg\" \/>\n<meta name=\"author\" content=\"admin\" \/>\n<meta name=\"twitter:card\" content=\"summary_large_image\" \/>\n<meta name=\"twitter:label1\" content=\"Napisane przez\" \/>\n\t<meta name=\"twitter:data1\" content=\"admin\" \/>\n\t<meta name=\"twitter:label2\" content=\"Szacowany czas czytania\" \/>\n\t<meta name=\"twitter:data2\" content=\"1 minuta\" \/>\n<script type=\"application\/ld+json\" class=\"yoast-schema-graph\">{\"@context\":\"https:\/\/schema.org\",\"@graph\":[{\"@type\":\"Article\",\"@id\":\"https:\/\/lehndorff-gesellschaft-steinort.com\/pl\/roczne-zebranie-czlonkow-towarzystwa-lgs\/#article\",\"isPartOf\":{\"@id\":\"https:\/\/lehndorff-gesellschaft-steinort.com\/pl\/roczne-zebranie-czlonkow-towarzystwa-lgs\/\"},\"author\":{\"name\":\"admin\",\"@id\":\"https:\/\/lehndorff-gesellschaft-steinort.com\/#\/schema\/person\/cf708555b6cde4ae50765834a48f7b32\"},\"headline\":\"Roczne zebranie cz\u0142onk\u00f3w Towarzystwa LGS\",\"datePublished\":\"2024-01-09T09:26:21+00:00\",\"dateModified\":\"2025-04-23T15:10:56+00:00\",\"mainEntityOfPage\":{\"@id\":\"https:\/\/lehndorff-gesellschaft-steinort.com\/pl\/roczne-zebranie-czlonkow-towarzystwa-lgs\/\"},\"wordCount\":234,\"image\":{\"@id\":\"https:\/\/lehndorff-gesellschaft-steinort.com\/pl\/roczne-zebranie-czlonkow-towarzystwa-lgs\/#primaryimage\"},\"thumbnailUrl\":\"https:\/\/lehndorff-gesellschaft-steinort.com\/wp-content\/uploads\/2023\/09\/Header-Projekt-web.jpg\",\"inLanguage\":\"pl-PL\"},{\"@type\":\"WebPage\",\"@id\":\"https:\/\/lehndorff-gesellschaft-steinort.com\/pl\/roczne-zebranie-czlonkow-towarzystwa-lgs\/\",\"url\":\"https:\/\/lehndorff-gesellschaft-steinort.com\/pl\/roczne-zebranie-czlonkow-towarzystwa-lgs\/\",\"name\":\"Roczne zebranie cz\u0142onk\u00f3w Towarzystwa LGS - Lehndorff-Gesellschaft-Steinort\",\"isPartOf\":{\"@id\":\"https:\/\/lehndorff-gesellschaft-steinort.com\/#website\"},\"primaryImageOfPage\":{\"@id\":\"https:\/\/lehndorff-gesellschaft-steinort.com\/pl\/roczne-zebranie-czlonkow-towarzystwa-lgs\/#primaryimage\"},\"image\":{\"@id\":\"https:\/\/lehndorff-gesellschaft-steinort.com\/pl\/roczne-zebranie-czlonkow-towarzystwa-lgs\/#primaryimage\"},\"thumbnailUrl\":\"https:\/\/lehndorff-gesellschaft-steinort.com\/wp-content\/uploads\/2023\/09\/Header-Projekt-web.jpg\",\"datePublished\":\"2024-01-09T09:26:21+00:00\",\"dateModified\":\"2025-04-23T15:10:56+00:00\",\"author\":{\"@id\":\"https:\/\/lehndorff-gesellschaft-steinort.com\/#\/schema\/person\/cf708555b6cde4ae50765834a48f7b32\"},\"breadcrumb\":{\"@id\":\"https:\/\/lehndorff-gesellschaft-steinort.com\/pl\/roczne-zebranie-czlonkow-towarzystwa-lgs\/#breadcrumb\"},\"inLanguage\":\"pl-PL\",\"potentialAction\":[{\"@type\":\"ReadAction\",\"target\":[\"https:\/\/lehndorff-gesellschaft-steinort.com\/pl\/roczne-zebranie-czlonkow-towarzystwa-lgs\/\"]}]},{\"@type\":\"ImageObject\",\"inLanguage\":\"pl-PL\",\"@id\":\"https:\/\/lehndorff-gesellschaft-steinort.com\/pl\/roczne-zebranie-czlonkow-towarzystwa-lgs\/#primaryimage\",\"url\":\"https:\/\/lehndorff-gesellschaft-steinort.com\/wp-content\/uploads\/2023\/09\/Header-Projekt-web.jpg\",\"contentUrl\":\"https:\/\/lehndorff-gesellschaft-steinort.com\/wp-content\/uploads\/2023\/09\/Header-Projekt-web.jpg\",\"width\":1800,\"height\":850},{\"@type\":\"BreadcrumbList\",\"@id\":\"https:\/\/lehndorff-gesellschaft-steinort.com\/pl\/roczne-zebranie-czlonkow-towarzystwa-lgs\/#breadcrumb\",\"itemListElement\":[{\"@type\":\"ListItem\",\"position\":1,\"name\":\"Startseite\",\"item\":\"https:\/\/lehndorff-gesellschaft-steinort.com\/pl\/startseite\/\"},{\"@type\":\"ListItem\",\"position\":2,\"name\":\"Roczne zebranie cz\u0142onk\u00f3w Towarzystwa LGS\"}]},{\"@type\":\"WebSite\",\"@id\":\"https:\/\/lehndorff-gesellschaft-steinort.com\/#website\",\"url\":\"https:\/\/lehndorff-gesellschaft-steinort.com\/\",\"name\":\"Lehndorff-Gesellschaft-Steinort\",\"description\":\"Eine weitere WordPress-Website\",\"potentialAction\":[{\"@type\":\"SearchAction\",\"target\":{\"@type\":\"EntryPoint\",\"urlTemplate\":\"https:\/\/lehndorff-gesellschaft-steinort.com\/?s={search_term_string}\"},\"query-input\":{\"@type\":\"PropertyValueSpecification\",\"valueRequired\":true,\"valueName\":\"search_term_string\"}}],\"inLanguage\":\"pl-PL\"},{\"@type\":\"Person\",\"@id\":\"https:\/\/lehndorff-gesellschaft-steinort.com\/#\/schema\/person\/cf708555b6cde4ae50765834a48f7b32\",\"name\":\"admin\",\"sameAs\":[\"http:\/\/lehndorff-gesellschaft-steinort.com\"],\"url\":\"https:\/\/lehndorff-gesellschaft-steinort.com\/pl\/author\/admin\/\"}]}<\/script>\n<!-- \/ Yoast SEO plugin. -->","yoast_head_json":{"title":"Roczne zebranie cz\u0142onk\u00f3w Towarzystwa LGS - Lehndorff-Gesellschaft-Steinort","robots":{"index":"noindex","follow":"follow"},"og_locale":"pl_PL","og_type":"article","og_title":"Roczne zebranie cz\u0142onk\u00f3w Towarzystwa LGS - Lehndorff-Gesellschaft-Steinort","og_url":"https:\/\/lehndorff-gesellschaft-steinort.com\/pl\/roczne-zebranie-czlonkow-towarzystwa-lgs\/","og_site_name":"Lehndorff-Gesellschaft-Steinort","article_published_time":"2024-01-09T09:26:21+00:00","article_modified_time":"2025-04-23T15:10:56+00:00","og_image":[{"width":1800,"height":850,"url":"https:\/\/lehndorff-gesellschaft-steinort.com\/wp-content\/uploads\/2023\/09\/Header-Projekt-web.jpg","type":"image\/jpeg"}],"author":"admin","twitter_card":"summary_large_image","twitter_misc":{"Napisane przez":"admin","Szacowany czas czytania":"1 minuta"},"schema":{"@context":"https:\/\/schema.org","@graph":[{"@type":"Article","@id":"https:\/\/lehndorff-gesellschaft-steinort.com\/pl\/roczne-zebranie-czlonkow-towarzystwa-lgs\/#article","isPartOf":{"@id":"https:\/\/lehndorff-gesellschaft-steinort.com\/pl\/roczne-zebranie-czlonkow-towarzystwa-lgs\/"},"author":{"name":"admin","@id":"https:\/\/lehndorff-gesellschaft-steinort.com\/#\/schema\/person\/cf708555b6cde4ae50765834a48f7b32"},"headline":"Roczne zebranie cz\u0142onk\u00f3w Towarzystwa LGS","datePublished":"2024-01-09T09:26:21+00:00","dateModified":"2025-04-23T15:10:56+00:00","mainEntityOfPage":{"@id":"https:\/\/lehndorff-gesellschaft-steinort.com\/pl\/roczne-zebranie-czlonkow-towarzystwa-lgs\/"},"wordCount":234,"image":{"@id":"https:\/\/lehndorff-gesellschaft-steinort.com\/pl\/roczne-zebranie-czlonkow-towarzystwa-lgs\/#primaryimage"},"thumbnailUrl":"https:\/\/lehndorff-gesellschaft-steinort.com\/wp-content\/uploads\/2023\/09\/Header-Projekt-web.jpg","inLanguage":"pl-PL"},{"@type":"WebPage","@id":"https:\/\/lehndorff-gesellschaft-steinort.com\/pl\/roczne-zebranie-czlonkow-towarzystwa-lgs\/","url":"https:\/\/lehndorff-gesellschaft-steinort.com\/pl\/roczne-zebranie-czlonkow-towarzystwa-lgs\/","name":"Roczne zebranie cz\u0142onk\u00f3w Towarzystwa LGS - Lehndorff-Gesellschaft-Steinort","isPartOf":{"@id":"https:\/\/lehndorff-gesellschaft-steinort.com\/#website"},"primaryImageOfPage":{"@id":"https:\/\/lehndorff-gesellschaft-steinort.com\/pl\/roczne-zebranie-czlonkow-towarzystwa-lgs\/#primaryimage"},"image":{"@id":"https:\/\/lehndorff-gesellschaft-steinort.com\/pl\/roczne-zebranie-czlonkow-towarzystwa-lgs\/#primaryimage"},"thumbnailUrl":"https:\/\/lehndorff-gesellschaft-steinort.com\/wp-content\/uploads\/2023\/09\/Header-Projekt-web.jpg","datePublished":"2024-01-09T09:26:21+00:00","dateModified":"2025-04-23T15:10:56+00:00","author":{"@id":"https:\/\/lehndorff-gesellschaft-steinort.com\/#\/schema\/person\/cf708555b6cde4ae50765834a48f7b32"},"breadcrumb":{"@id":"https:\/\/lehndorff-gesellschaft-steinort.com\/pl\/roczne-zebranie-czlonkow-towarzystwa-lgs\/#breadcrumb"},"inLanguage":"pl-PL","potentialAction":[{"@type":"ReadAction","target":["https:\/\/lehndorff-gesellschaft-steinort.com\/pl\/roczne-zebranie-czlonkow-towarzystwa-lgs\/"]}]},{"@type":"ImageObject","inLanguage":"pl-PL","@id":"https:\/\/lehndorff-gesellschaft-steinort.com\/pl\/roczne-zebranie-czlonkow-towarzystwa-lgs\/#primaryimage","url":"https:\/\/lehndorff-gesellschaft-steinort.com\/wp-content\/uploads\/2023\/09\/Header-Projekt-web.jpg","contentUrl":"https:\/\/lehndorff-gesellschaft-steinort.com\/wp-content\/uploads\/2023\/09\/Header-Projekt-web.jpg","width":1800,"height":850},{"@type":"BreadcrumbList","@id":"https:\/\/lehndorff-gesellschaft-steinort.com\/pl\/roczne-zebranie-czlonkow-towarzystwa-lgs\/#breadcrumb","itemListElement":[{"@type":"ListItem","position":1,"name":"Startseite","item":"https:\/\/lehndorff-gesellschaft-steinort.com\/pl\/startseite\/"},{"@type":"ListItem","position":2,"name":"Roczne zebranie cz\u0142onk\u00f3w Towarzystwa LGS"}]},{"@type":"WebSite","@id":"https:\/\/lehndorff-gesellschaft-steinort.com\/#website","url":"https:\/\/lehndorff-gesellschaft-steinort.com\/","name":"Lehndorff-Gesellschaft-Steinort","description":"Eine weitere WordPress-Website","potentialAction":[{"@type":"SearchAction","target":{"@type":"EntryPoint","urlTemplate":"https:\/\/lehndorff-gesellschaft-steinort.com\/?s={search_term_string}"},"query-input":{"@type":"PropertyValueSpecification","valueRequired":true,"valueName":"search_term_string"}}],"inLanguage":"pl-PL"},{"@type":"Person","@id":"https:\/\/lehndorff-gesellschaft-steinort.com\/#\/schema\/person\/cf708555b6cde4ae50765834a48f7b32","name":"admin","sameAs":["http:\/\/lehndorff-gesellschaft-steinort.com"],"url":"https:\/\/lehndorff-gesellschaft-steinort.com\/pl\/author\/admin\/"}]}},"_links":{"self":[{"href":"https:\/\/lehndorff-gesellschaft-steinort.com\/pl\/wp-json\/wp\/v2\/posts\/3245","targetHints":{"allow":["GET"]}}],"collection":[{"href":"https:\/\/lehndorff-gesellschaft-steinort.com\/pl\/wp-json\/wp\/v2\/posts"}],"about":[{"href":"https:\/\/lehndorff-gesellschaft-steinort.com\/pl\/wp-json\/wp\/v2\/types\/post"}],"author":[{"embeddable":true,"href":"https:\/\/lehndorff-gesellschaft-steinort.com\/pl\/wp-json\/wp\/v2\/users\/1"}],"replies":[{"embeddable":true,"href":"https:\/\/lehndorff-gesellschaft-steinort.com\/pl\/wp-json\/wp\/v2\/comments?post=3245"}],"version-history":[{"count":2,"href":"https:\/\/lehndorff-gesellschaft-steinort.com\/pl\/wp-json\/wp\/v2\/posts\/3245\/revisions"}],"predecessor-version":[{"id":3247,"href":"https:\/\/lehndorff-gesellschaft-steinort.com\/pl\/wp-json\/wp\/v2\/posts\/3245\/revisions\/3247"}],"wp:featuredmedia":[{"embeddable":true,"href":"https:\/\/lehndorff-gesellschaft-steinort.com\/pl\/wp-json\/wp\/v2\/media\/3047"}],"wp:attachment":[{"href":"https:\/\/lehndorff-gesellschaft-steinort.com\/pl\/wp-json\/wp\/v2\/media?parent=3245"}],"wp:term":[{"taxonomy":"category","embeddable":true,"href":"https:\/\/lehndorff-gesellschaft-steinort.com\/pl\/wp-json\/wp\/v2\/categories?post=3245"},{"taxonomy":"post_tag","embeddable":true,"href":"https:\/\/lehndorff-gesellschaft-steinort.com\/pl\/wp-json\/wp\/v2\/tags?post=3245"}],"curies":[{"name":"wp","href":"https:\/\/api.w.org\/{rel}","templated":true}]}}