{"id":3230,"date":"2024-07-11T14:43:10","date_gmt":"2024-07-11T12:43:10","guid":{"rendered":"https:\/\/lehndorff-gesellschaft-steinort.com\/program-festiwalu\/"},"modified":"2025-04-23T17:05:27","modified_gmt":"2025-04-23T15:05:27","slug":"program-festiwalu","status":"publish","type":"post","link":"https:\/\/lehndorff-gesellschaft-steinort.com\/pl\/program-festiwalu\/","title":{"rendered":"Program Festiwalu"},"content":{"rendered":"<div class=\"fusion-fullwidth fullwidth-box fusion-builder-row-1 fusion-flex-container has-pattern-background has-mask-background nonhundred-percent-fullwidth non-hundred-percent-height-scrolling\" style=\"--awb-border-radius-top-left:0px;--awb-border-radius-top-right:0px;--awb-border-radius-bottom-right:0px;--awb-border-radius-bottom-left:0px;--awb-flex-wrap:wrap;\" ><div class=\"fusion-builder-row fusion-row fusion-flex-align-items-flex-start fusion-flex-content-wrap\" style=\"max-width:1216.8px;margin-left: calc(-4% \/ 2 );margin-right: calc(-4% \/ 2 );\"><div class=\"fusion-layout-column fusion_builder_column fusion-builder-column-0 fusion_builder_column_1_1 1_1 fusion-flex-column\" style=\"--awb-bg-size:cover;--awb-width-large:100%;--awb-margin-top-large:0px;--awb-spacing-right-large:1.92%;--awb-margin-bottom-large:20px;--awb-spacing-left-large:1.92%;--awb-width-medium:100%;--awb-order-medium:0;--awb-spacing-right-medium:1.92%;--awb-spacing-left-medium:1.92%;--awb-width-small:100%;--awb-order-small:0;--awb-spacing-right-small:1.92%;--awb-spacing-left-small:1.92%;\"><div class=\"fusion-column-wrapper fusion-column-has-shadow fusion-flex-justify-content-flex-start fusion-content-layout-column\"><div class=\"fusion-text fusion-text-1\"><p>Plakat festiwalu jest ju\u017c gotowy! Po zatwierdzeniu do druku zasz\u0142y jeszcze pewne zmiany. Zaktualizowan\u0105 wersj\u0119 programu \u201eFESTIWAL STN:ORT 2024\u201d mo\u017cna znale\u017a\u0107 w zak\u0142adce \u201eAktualno\u015bci\u201d.<\/p>\n<\/div><div ><a class=\"fusion-button button-flat fusion-button-default-size button-default fusion-button-default button-1 fusion-button-default-span fusion-button-default-type\" target=\"_blank\" rel=\"noopener noreferrer\" href=\"https:\/\/lehndorff-gesellschaft-steinort.com\/wp-content\/uploads\/2024\/07\/Steinort-poster-A1-long-text.pdf\"><span class=\"fusion-button-text awb-button__text awb-button__text--default\">PDF do pobrania<\/span><\/a><\/div><\/div><\/div><\/div><\/div>\n","protected":false},"excerpt":{"rendered":"<p>Plakat Festiwalu jest ju\u017c gotowy!<\/p>\n","protected":false},"author":3,"featured_media":3164,"comment_status":"closed","ping_status":"closed","sticky":false,"template":"","format":"standard","meta":{"footnotes":""},"categories":[65],"tags":[],"class_list":["post-3230","post","type-post","status-publish","format-standard","has-post-thumbnail","hentry","category-bez-kategorii"],"yoast_head":"<!-- This site is optimized with the Yoast SEO plugin v27.1.1 - https:\/\/yoast.com\/product\/yoast-seo-wordpress\/ -->\n<title>Program Festiwalu - Lehndorff-Gesellschaft-Steinort<\/title>\n<meta name=\"robots\" content=\"noindex, follow\" \/>\n<meta property=\"og:locale\" content=\"pl_PL\" \/>\n<meta property=\"og:type\" content=\"article\" \/>\n<meta property=\"og:title\" content=\"Program Festiwalu - Lehndorff-Gesellschaft-Steinort\" \/>\n<meta property=\"og:description\" content=\"Plakat Festiwalu jest ju\u017c gotowy!\" \/>\n<meta property=\"og:url\" content=\"https:\/\/lehndorff-gesellschaft-steinort.com\/pl\/program-festiwalu\/\" \/>\n<meta property=\"og:site_name\" content=\"Lehndorff-Gesellschaft-Steinort\" \/>\n<meta property=\"article:published_time\" content=\"2024-07-11T12:43:10+00:00\" \/>\n<meta property=\"article:modified_time\" content=\"2025-04-23T15:05:27+00:00\" \/>\n<meta property=\"og:image\" content=\"https:\/\/lehndorff-gesellschaft-steinort.com\/wp-content\/uploads\/2024\/07\/Zrzut-ekranu-2024-07-7-o-15.22.53.jpg\" \/>\n\t<meta property=\"og:image:width\" content=\"2082\" \/>\n\t<meta property=\"og:image:height\" content=\"1464\" \/>\n\t<meta property=\"og:image:type\" content=\"image\/jpeg\" \/>\n<meta name=\"author\" content=\"Ania LGS\" \/>\n<meta name=\"twitter:card\" content=\"summary_large_image\" \/>\n<meta name=\"twitter:label1\" content=\"Napisane przez\" \/>\n\t<meta name=\"twitter:data1\" content=\"Ania LGS\" \/>\n\t<meta name=\"twitter:label2\" content=\"Szacowany czas czytania\" \/>\n\t<meta name=\"twitter:data2\" content=\"4 minuty\" \/>\n<script type=\"application\/ld+json\" class=\"yoast-schema-graph\">{\"@context\":\"https:\/\/schema.org\",\"@graph\":[{\"@type\":\"Article\",\"@id\":\"https:\/\/lehndorff-gesellschaft-steinort.com\/pl\/program-festiwalu\/#article\",\"isPartOf\":{\"@id\":\"https:\/\/lehndorff-gesellschaft-steinort.com\/pl\/program-festiwalu\/\"},\"author\":{\"name\":\"Ania LGS\",\"@id\":\"https:\/\/lehndorff-gesellschaft-steinort.com\/#\/schema\/person\/1a26a3d56efdb1e2f613a4faa486bbda\"},\"headline\":\"Program Festiwalu\",\"datePublished\":\"2024-07-11T12:43:10+00:00\",\"dateModified\":\"2025-04-23T15:05:27+00:00\",\"mainEntityOfPage\":{\"@id\":\"https:\/\/lehndorff-gesellschaft-steinort.com\/pl\/program-festiwalu\/\"},\"wordCount\":799,\"image\":{\"@id\":\"https:\/\/lehndorff-gesellschaft-steinort.com\/pl\/program-festiwalu\/#primaryimage\"},\"thumbnailUrl\":\"https:\/\/lehndorff-gesellschaft-steinort.com\/wp-content\/uploads\/2024\/07\/Zrzut-ekranu-2024-07-7-o-15.22.53.jpg\",\"inLanguage\":\"pl-PL\"},{\"@type\":\"WebPage\",\"@id\":\"https:\/\/lehndorff-gesellschaft-steinort.com\/pl\/program-festiwalu\/\",\"url\":\"https:\/\/lehndorff-gesellschaft-steinort.com\/pl\/program-festiwalu\/\",\"name\":\"Program Festiwalu - Lehndorff-Gesellschaft-Steinort\",\"isPartOf\":{\"@id\":\"https:\/\/lehndorff-gesellschaft-steinort.com\/#website\"},\"primaryImageOfPage\":{\"@id\":\"https:\/\/lehndorff-gesellschaft-steinort.com\/pl\/program-festiwalu\/#primaryimage\"},\"image\":{\"@id\":\"https:\/\/lehndorff-gesellschaft-steinort.com\/pl\/program-festiwalu\/#primaryimage\"},\"thumbnailUrl\":\"https:\/\/lehndorff-gesellschaft-steinort.com\/wp-content\/uploads\/2024\/07\/Zrzut-ekranu-2024-07-7-o-15.22.53.jpg\",\"datePublished\":\"2024-07-11T12:43:10+00:00\",\"dateModified\":\"2025-04-23T15:05:27+00:00\",\"author\":{\"@id\":\"https:\/\/lehndorff-gesellschaft-steinort.com\/#\/schema\/person\/1a26a3d56efdb1e2f613a4faa486bbda\"},\"breadcrumb\":{\"@id\":\"https:\/\/lehndorff-gesellschaft-steinort.com\/pl\/program-festiwalu\/#breadcrumb\"},\"inLanguage\":\"pl-PL\",\"potentialAction\":[{\"@type\":\"ReadAction\",\"target\":[\"https:\/\/lehndorff-gesellschaft-steinort.com\/pl\/program-festiwalu\/\"]}]},{\"@type\":\"ImageObject\",\"inLanguage\":\"pl-PL\",\"@id\":\"https:\/\/lehndorff-gesellschaft-steinort.com\/pl\/program-festiwalu\/#primaryimage\",\"url\":\"https:\/\/lehndorff-gesellschaft-steinort.com\/wp-content\/uploads\/2024\/07\/Zrzut-ekranu-2024-07-7-o-15.22.53.jpg\",\"contentUrl\":\"https:\/\/lehndorff-gesellschaft-steinort.com\/wp-content\/uploads\/2024\/07\/Zrzut-ekranu-2024-07-7-o-15.22.53.jpg\",\"width\":2082,\"height\":1464,\"caption\":\"Screenshot\"},{\"@type\":\"BreadcrumbList\",\"@id\":\"https:\/\/lehndorff-gesellschaft-steinort.com\/pl\/program-festiwalu\/#breadcrumb\",\"itemListElement\":[{\"@type\":\"ListItem\",\"position\":1,\"name\":\"Startseite\",\"item\":\"https:\/\/lehndorff-gesellschaft-steinort.com\/pl\/startseite\/\"},{\"@type\":\"ListItem\",\"position\":2,\"name\":\"Program Festiwalu\"}]},{\"@type\":\"WebSite\",\"@id\":\"https:\/\/lehndorff-gesellschaft-steinort.com\/#website\",\"url\":\"https:\/\/lehndorff-gesellschaft-steinort.com\/\",\"name\":\"Lehndorff-Gesellschaft-Steinort\",\"description\":\"Eine weitere WordPress-Website\",\"potentialAction\":[{\"@type\":\"SearchAction\",\"target\":{\"@type\":\"EntryPoint\",\"urlTemplate\":\"https:\/\/lehndorff-gesellschaft-steinort.com\/?s={search_term_string}\"},\"query-input\":{\"@type\":\"PropertyValueSpecification\",\"valueRequired\":true,\"valueName\":\"search_term_string\"}}],\"inLanguage\":\"pl-PL\"},{\"@type\":\"Person\",\"@id\":\"https:\/\/lehndorff-gesellschaft-steinort.com\/#\/schema\/person\/1a26a3d56efdb1e2f613a4faa486bbda\",\"name\":\"Ania LGS\",\"url\":\"https:\/\/lehndorff-gesellschaft-steinort.com\/pl\/author\/ania-lgs\/\"}]}<\/script>\n<!-- \/ Yoast SEO plugin. -->","yoast_head_json":{"title":"Program Festiwalu - Lehndorff-Gesellschaft-Steinort","robots":{"index":"noindex","follow":"follow"},"og_locale":"pl_PL","og_type":"article","og_title":"Program Festiwalu - Lehndorff-Gesellschaft-Steinort","og_description":"Plakat Festiwalu jest ju\u017c gotowy!","og_url":"https:\/\/lehndorff-gesellschaft-steinort.com\/pl\/program-festiwalu\/","og_site_name":"Lehndorff-Gesellschaft-Steinort","article_published_time":"2024-07-11T12:43:10+00:00","article_modified_time":"2025-04-23T15:05:27+00:00","og_image":[{"width":2082,"height":1464,"url":"https:\/\/lehndorff-gesellschaft-steinort.com\/wp-content\/uploads\/2024\/07\/Zrzut-ekranu-2024-07-7-o-15.22.53.jpg","type":"image\/jpeg"}],"author":"Ania LGS","twitter_card":"summary_large_image","twitter_misc":{"Napisane przez":"Ania LGS","Szacowany czas czytania":"4 minuty"},"schema":{"@context":"https:\/\/schema.org","@graph":[{"@type":"Article","@id":"https:\/\/lehndorff-gesellschaft-steinort.com\/pl\/program-festiwalu\/#article","isPartOf":{"@id":"https:\/\/lehndorff-gesellschaft-steinort.com\/pl\/program-festiwalu\/"},"author":{"name":"Ania LGS","@id":"https:\/\/lehndorff-gesellschaft-steinort.com\/#\/schema\/person\/1a26a3d56efdb1e2f613a4faa486bbda"},"headline":"Program Festiwalu","datePublished":"2024-07-11T12:43:10+00:00","dateModified":"2025-04-23T15:05:27+00:00","mainEntityOfPage":{"@id":"https:\/\/lehndorff-gesellschaft-steinort.com\/pl\/program-festiwalu\/"},"wordCount":799,"image":{"@id":"https:\/\/lehndorff-gesellschaft-steinort.com\/pl\/program-festiwalu\/#primaryimage"},"thumbnailUrl":"https:\/\/lehndorff-gesellschaft-steinort.com\/wp-content\/uploads\/2024\/07\/Zrzut-ekranu-2024-07-7-o-15.22.53.jpg","inLanguage":"pl-PL"},{"@type":"WebPage","@id":"https:\/\/lehndorff-gesellschaft-steinort.com\/pl\/program-festiwalu\/","url":"https:\/\/lehndorff-gesellschaft-steinort.com\/pl\/program-festiwalu\/","name":"Program Festiwalu - Lehndorff-Gesellschaft-Steinort","isPartOf":{"@id":"https:\/\/lehndorff-gesellschaft-steinort.com\/#website"},"primaryImageOfPage":{"@id":"https:\/\/lehndorff-gesellschaft-steinort.com\/pl\/program-festiwalu\/#primaryimage"},"image":{"@id":"https:\/\/lehndorff-gesellschaft-steinort.com\/pl\/program-festiwalu\/#primaryimage"},"thumbnailUrl":"https:\/\/lehndorff-gesellschaft-steinort.com\/wp-content\/uploads\/2024\/07\/Zrzut-ekranu-2024-07-7-o-15.22.53.jpg","datePublished":"2024-07-11T12:43:10+00:00","dateModified":"2025-04-23T15:05:27+00:00","author":{"@id":"https:\/\/lehndorff-gesellschaft-steinort.com\/#\/schema\/person\/1a26a3d56efdb1e2f613a4faa486bbda"},"breadcrumb":{"@id":"https:\/\/lehndorff-gesellschaft-steinort.com\/pl\/program-festiwalu\/#breadcrumb"},"inLanguage":"pl-PL","potentialAction":[{"@type":"ReadAction","target":["https:\/\/lehndorff-gesellschaft-steinort.com\/pl\/program-festiwalu\/"]}]},{"@type":"ImageObject","inLanguage":"pl-PL","@id":"https:\/\/lehndorff-gesellschaft-steinort.com\/pl\/program-festiwalu\/#primaryimage","url":"https:\/\/lehndorff-gesellschaft-steinort.com\/wp-content\/uploads\/2024\/07\/Zrzut-ekranu-2024-07-7-o-15.22.53.jpg","contentUrl":"https:\/\/lehndorff-gesellschaft-steinort.com\/wp-content\/uploads\/2024\/07\/Zrzut-ekranu-2024-07-7-o-15.22.53.jpg","width":2082,"height":1464,"caption":"Screenshot"},{"@type":"BreadcrumbList","@id":"https:\/\/lehndorff-gesellschaft-steinort.com\/pl\/program-festiwalu\/#breadcrumb","itemListElement":[{"@type":"ListItem","position":1,"name":"Startseite","item":"https:\/\/lehndorff-gesellschaft-steinort.com\/pl\/startseite\/"},{"@type":"ListItem","position":2,"name":"Program Festiwalu"}]},{"@type":"WebSite","@id":"https:\/\/lehndorff-gesellschaft-steinort.com\/#website","url":"https:\/\/lehndorff-gesellschaft-steinort.com\/","name":"Lehndorff-Gesellschaft-Steinort","description":"Eine weitere WordPress-Website","potentialAction":[{"@type":"SearchAction","target":{"@type":"EntryPoint","urlTemplate":"https:\/\/lehndorff-gesellschaft-steinort.com\/?s={search_term_string}"},"query-input":{"@type":"PropertyValueSpecification","valueRequired":true,"valueName":"search_term_string"}}],"inLanguage":"pl-PL"},{"@type":"Person","@id":"https:\/\/lehndorff-gesellschaft-steinort.com\/#\/schema\/person\/1a26a3d56efdb1e2f613a4faa486bbda","name":"Ania LGS","url":"https:\/\/lehndorff-gesellschaft-steinort.com\/pl\/author\/ania-lgs\/"}]}},"_links":{"self":[{"href":"https:\/\/lehndorff-gesellschaft-steinort.com\/pl\/wp-json\/wp\/v2\/posts\/3230","targetHints":{"allow":["GET"]}}],"collection":[{"href":"https:\/\/lehndorff-gesellschaft-steinort.com\/pl\/wp-json\/wp\/v2\/posts"}],"about":[{"href":"https:\/\/lehndorff-gesellschaft-steinort.com\/pl\/wp-json\/wp\/v2\/types\/post"}],"author":[{"embeddable":true,"href":"https:\/\/lehndorff-gesellschaft-steinort.com\/pl\/wp-json\/wp\/v2\/users\/3"}],"replies":[{"embeddable":true,"href":"https:\/\/lehndorff-gesellschaft-steinort.com\/pl\/wp-json\/wp\/v2\/comments?post=3230"}],"version-history":[{"count":5,"href":"https:\/\/lehndorff-gesellschaft-steinort.com\/pl\/wp-json\/wp\/v2\/posts\/3230\/revisions"}],"predecessor-version":[{"id":3242,"href":"https:\/\/lehndorff-gesellschaft-steinort.com\/pl\/wp-json\/wp\/v2\/posts\/3230\/revisions\/3242"}],"wp:featuredmedia":[{"embeddable":true,"href":"https:\/\/lehndorff-gesellschaft-steinort.com\/pl\/wp-json\/wp\/v2\/media\/3164"}],"wp:attachment":[{"href":"https:\/\/lehndorff-gesellschaft-steinort.com\/pl\/wp-json\/wp\/v2\/media?parent=3230"}],"wp:term":[{"taxonomy":"category","embeddable":true,"href":"https:\/\/lehndorff-gesellschaft-steinort.com\/pl\/wp-json\/wp\/v2\/categories?post=3230"},{"taxonomy":"post_tag","embeddable":true,"href":"https:\/\/lehndorff-gesellschaft-steinort.com\/pl\/wp-json\/wp\/v2\/tags?post=3230"}],"curies":[{"name":"wp","href":"https:\/\/api.w.org\/{rel}","templated":true}]}}